{"id":1022,"date":"2025-09-12T21:12:27","date_gmt":"2025-09-12T20:12:27","guid":{"rendered":"https:\/\/ralph-erich-hildebrandt.de\/?p=1022"},"modified":"2025-09-12T21:12:27","modified_gmt":"2025-09-12T20:12:27","slug":"gesunder-menschenverstand-waehlen-sie-in-allerheiligen-und-elvekum-demokratisch","status":"publish","type":"post","link":"https:\/\/ralph-erich-hildebrandt.de\/?p=1022","title":{"rendered":"Gesunder Menschenverstand &#8211; w\u00e4hlen Sie in Allerheiligen und Elvekum demokratisch"},"content":{"rendered":"\n<p class=\"wp-block-paragraph\">Gesunden Menschenverstand plakatiert eine Partei.<\/p>\n\n\n\n<p class=\"wp-block-paragraph\">Wer einen gesunden Menschenverstand bestitzt, w\u00e4hlt diese Partei nicht, die von verurteilten und verd\u00e4chtigten Kriminellen durchzogen ist.<\/p>\n\n\n\n<p class=\"wp-block-paragraph\">H\u00f6cke &#8211; endg\u00fcltig verurteilt vom Bundesgerichtshof<\/p>\n\n\n\n<p class=\"wp-block-paragraph\">Krah <a><\/a>&#8211; Immunit\u00e4t aufgehoben<\/p>\n\n\n\n<p class=\"wp-block-paragraph\">Brandner &#8211; Immunit\u00e4t aufgehoben<\/p>\n\n\n\n<p class=\"wp-block-paragraph\">Ich habe einen gesunden Menschenverstand und ich fordere die W\u00e4hlerinnen und W\u00e4hler im Wahlkreis Allerheiligen &amp; Elvekum auf, auch diesen zu nutzen.<\/p>\n\n\n\n<p class=\"wp-block-paragraph\">W\u00e4hlen Sie die demokratischen Parteien &#8211; auch wenn Sie mich nicht w\u00e4hlen wollen.<\/p>\n\n\n\n<p class=\"wp-block-paragraph\">Aber w\u00e4hlen Sie nicht die Parteien des linken und rechten Randes.<\/p>\n\n\n\n<p class=\"wp-block-paragraph\">\u00dcberlegen Sie auch, wer hier bei uns im Ort pr\u00e4sent und aktiv ist: das sind sicherlich keine Kleinparteien oder W\u00e4hlervereinigungen.<\/p>\n\n\n\n<p class=\"wp-block-paragraph\">Wen kennen Sie auf dem Wahlzettel f\u00fcr die Stadtratswahl? An wen w\u00fcrden Sie sich wenden, wenn Sie ein Anliegen haben?<\/p>\n\n\n\n<p class=\"wp-block-paragraph\">K\u00f6ster, Jessica (CDU)<\/p>\n\n\n\n<p class=\"wp-block-paragraph\">Hildebrandt, Ralph-Erich (SPD)<\/p>\n\n\n\n<p class=\"wp-block-paragraph\">B\u00f6ttner, Lars (Gr\u00fcne)<\/p>\n\n\n\n<p class=\"wp-block-paragraph\">Schmitz, Maximilian (AfD), wohnt in 41460<\/p>\n\n\n\n<p class=\"wp-block-paragraph\">Land, Christian (FDP)<\/p>\n\n\n\n<p class=\"wp-block-paragraph\">Bajic, Adrian (Linke), wohnt in 41462<\/p>\n\n\n\n<p class=\"wp-block-paragraph\">Giantamidis, Christos (UWG)<\/p>\n\n\n\n<p class=\"wp-block-paragraph\">Bednarek, Justyna (Tierschutz), wohnt in 41466<\/p>\n\n\n\n<p class=\"wp-block-paragraph\">Altin, Murat (Aktiv f\u00fcr Neuss)<\/p>\n\n\n\n<p class=\"wp-block-paragraph\">vom Dorff, Gabriele (BSW)<\/p>\n\n\n\n<p class=\"wp-block-paragraph\">Klinkicht, Tom (Neuss jetzt!), wohnt in 41469<\/p>\n\n\n\n<p class=\"wp-block-paragraph\">Ich kenne tats\u00e4chlich von den &#8222;anderen Parteien&#8220; genau drei und als jemand der seit mehr als 20 Jahren im Politikgeschehen der Stadt und hier im Stadtteil unterwegs ist, ist das schon eine Erkenntnis.<\/p>\n","protected":false},"excerpt":{"rendered":"<p>Gesunden Menschenverstand plakatiert eine Partei. Wer einen gesunden Menschenverstand bestitzt, w\u00e4hlt diese Partei nicht, die von verurteilten und verd\u00e4chtigten Kriminellen durchzogen ist. H\u00f6cke &#8211; endg\u00fcltig verurteilt vom Bundesgerichtshof Krah &#8211; Immunit\u00e4t aufgehoben Brandner &#8211; Immunit\u00e4t aufgehoben Ich habe einen gesunden Menschenverstand und ich fordere die W\u00e4hlerinnen und W\u00e4hler im Wahlkreis Allerheiligen &amp; Elvekum auf, auch [&hellip;]<\/p>\n","protected":false},"author":1,"featured_media":0,"comment_status":"closed","ping_status":"closed","sticky":false,"template":"","format":"standard","meta":{"_crdt_document":"","footnotes":""},"categories":[25,18,26,31,30,7,17],"tags":[],"class_list":["post-1022","post","type-post","status-publish","format-standard","hentry","category-allerheiligen","category-buergermeisterwahl","category-elvekum","category-kommunalwahl-2025","category-ortsverein","category-partei","category-stadtrat"],"_links":{"self":[{"href":"https:\/\/ralph-erich-hildebrandt.de\/index.php?rest_route=\/wp\/v2\/posts\/1022","targetHints":{"allow":["GET"]}}],"collection":[{"href":"https:\/\/ralph-erich-hildebrandt.de\/index.php?rest_route=\/wp\/v2\/posts"}],"about":[{"href":"https:\/\/ralph-erich-hildebrandt.de\/index.php?rest_route=\/wp\/v2\/types\/post"}],"author":[{"embeddable":true,"href":"https:\/\/ralph-erich-hildebrandt.de\/index.php?rest_route=\/wp\/v2\/users\/1"}],"replies":[{"embeddable":true,"href":"https:\/\/ralph-erich-hildebrandt.de\/index.php?rest_route=%2Fwp%2Fv2%2Fcomments&post=1022"}],"version-history":[{"count":1,"href":"https:\/\/ralph-erich-hildebrandt.de\/index.php?rest_route=\/wp\/v2\/posts\/1022\/revisions"}],"predecessor-version":[{"id":1023,"href":"https:\/\/ralph-erich-hildebrandt.de\/index.php?rest_route=\/wp\/v2\/posts\/1022\/revisions\/1023"}],"wp:attachment":[{"href":"https:\/\/ralph-erich-hildebrandt.de\/index.php?rest_route=%2Fwp%2Fv2%2Fmedia&parent=1022"}],"wp:term":[{"taxonomy":"category","embeddable":true,"href":"https:\/\/ralph-erich-hildebrandt.de\/index.php?rest_route=%2Fwp%2Fv2%2Fcategories&post=1022"},{"taxonomy":"post_tag","embeddable":true,"href":"https:\/\/ralph-erich-hildebrandt.de\/index.php?rest_route=%2Fwp%2Fv2%2Ftags&post=1022"}],"curies":[{"name":"wp","href":"https:\/\/api.w.org\/{rel}","templated":true}]}}