{"id":1024,"date":"2025-09-12T21:49:08","date_gmt":"2025-09-12T20:49:08","guid":{"rendered":"https:\/\/ralph-erich-hildebrandt.de\/?p=1024"},"modified":"2025-09-12T21:49:08","modified_gmt":"2025-09-12T20:49:08","slug":"gesunder-menschenvertand-auch-im-wahlkreis-20","status":"publish","type":"post","link":"https:\/\/ralph-erich-hildebrandt.de\/?p=1024","title":{"rendered":"Gesunder Menschenvertand auch im Wahlkreis 20"},"content":{"rendered":"\n<p class=\"wp-block-paragraph\">Aus wahlrechtlichen Gr\u00fcnden kandidiere ich nicht in Allerheiligen-S\u00fcd, wo ich wohne.<br>Dennoch m\u00f6chte ich auch f\u00fcr den Wahlkreis 20 eine Wahlempfehlung abgeben.<\/p>\n\n\n\n<p class=\"wp-block-paragraph\">Wer ist auch hier in Allerheiligen S\u00fcd aktiv. Nat\u00fcrlich meine Wenigkeit. Mein Kandidat Arno Kandler ist in Elvekum aktiv und macht dort f\u00fcr mich den Wahlkmapf. Die Gr\u00fcnde daf\u00fcr sind kompliziert.<\/p>\n\n\n\n<p class=\"wp-block-paragraph\">Gesunden Menschenverstand plakatiert eine Partei.<br>Wer einen gesunden Menschenverstand bestitzt, w\u00e4hlt diese Partei nicht, die von verurteilten und verd\u00e4chtigten Kriminellen durchzogen ist.<br>H\u00f6cke &#8211; endg\u00fcltig verurteilt vom Bundesgerichtshof<br>Krah &#8211; Immunit\u00e4t aufgehoben<br>Brandner &#8211; Immunit\u00e4t aufgehoben<br>Ich habe einen gesunden Menschenverstand und ich fordere die W\u00e4hlerinnen und W\u00e4hler im Wahlkreis Rosellen, Allerheilgen-S\u00fcd, Schlicherum und Bettikum auf, auch diesen zu nutzen.<\/p>\n\n\n\n<p class=\"wp-block-paragraph\">W\u00e4hlen Sie die demokratischen Parteien &#8211; auch wenn Sie mich nicht w\u00e4hlen wollen.<\/p>\n\n\n\n<p class=\"wp-block-paragraph\">Aber w\u00e4hlen Sie nicht die Parteien des linken und rechten Randes.<\/p>\n\n\n\n<p class=\"wp-block-paragraph\">\u00dcberlegen Sie auch, wer hier bei uns im Ort pr\u00e4sent und aktiv ist: das sind sicherlich keine Kleinparteien oder W\u00e4hlervereinigungen.<\/p>\n\n\n\n<p class=\"wp-block-paragraph\">Wen kennen Sie auf dem Wahlzettel f\u00fcr die Stadtratswahl? An wen w\u00fcrden Sie sich wenden, wenn Sie ein Anliegen haben?<br>Kandler, Arno (SPD) &#8211; Mitglied \u00fcberall im Sch\u00fctzenwesen und bekannt aus Elvekum<\/p>\n\n\n\n<p class=\"wp-block-paragraph\">Schuler,Guido (CDU) &#8211; sorry in der letzten Legislaturperiode habe ich keinen einzigen Wortbeitrag im Rat, in einem Ausschuss oder Drittgremium wahrgenommen.<br>Im Bundestag nennt man sowas Hinterb\u00e4nkler.<br>Kurz vor der Wahl Sch\u00fctzenfeste und Flyer. Wer kennt ihn?<\/p>\n\n\n\n<p class=\"wp-block-paragraph\">Rombouts, Antonius (Gr\u00fcne) &#8211; den habe ich tats\u00e4chlich letztens vor meiner Haust\u00fcr getroffen. Wer also nicht SPD w\u00e4hlen will, meine Empfehlung.<\/p>\n\n\n\n<p class=\"wp-block-paragraph\">Odenkirchen-Akin (AfD), wohnt in 41462<br>Dr. Wirth, Christian (FDP)<br>Stiels, Florian (Linke), wohnt in 41466<br>Matula, Fabienne (UWG), wohnt in 41466<br>Breuer, Helene (Tierschutz), wohnt in 41466, Jahrgang 1939 &#8211; das soll keine Alterdiskreminierung sein<br>Altin, Serkan (Aktiv f\u00fcr Neuss)<br>Strau\u00df, Jan (Die Partei) &#8211; mit dem bin ich m.E. zuf\u00e4llig mit dem NeMo zum Fackelzug gefahren<br>Piplak, Nadine (BSW=<br>Joecks, Frederic (Neuss jetzt!), der beste Freund und Trauzeuge meines Sohnes, der sich einfach hat bequatschen lassen, weil die W\u00e4hlergemeinschaft einfach 29 Kandidierenden br\u00e4uchte.<\/p>\n\n\n\n<p class=\"wp-block-paragraph\">Ich kenne tats\u00e4chlich von den &#8222;anderen Parteien&#8220; genau zwei und als jemand der seit mehr als 20 Jahren im Politikgeschehen der Stadt und hier im Stadtteil unterwegs ist, ist das schon eine Erkenntnis.<\/p>\n","protected":false},"excerpt":{"rendered":"<p>Aus wahlrechtlichen Gr\u00fcnden kandidiere ich nicht in Allerheiligen-S\u00fcd, wo ich wohne.Dennoch m\u00f6chte ich auch f\u00fcr den Wahlkreis 20 eine Wahlempfehlung abgeben. Wer ist auch hier in Allerheiligen S\u00fcd aktiv. Nat\u00fcrlich meine Wenigkeit. Mein Kandidat Arno Kandler ist in Elvekum aktiv und macht dort f\u00fcr mich den Wahlkmapf. Die Gr\u00fcnde daf\u00fcr sind kompliziert. Gesunden Menschenverstand plakatiert [&hellip;]<\/p>\n","protected":false},"author":1,"featured_media":0,"comment_status":"closed","ping_status":"closed","sticky":false,"template":"","format":"standard","meta":{"_crdt_document":"","footnotes":""},"categories":[31,30,7,17],"tags":[],"class_list":["post-1024","post","type-post","status-publish","format-standard","hentry","category-kommunalwahl-2025","category-ortsverein","category-partei","category-stadtrat"],"_links":{"self":[{"href":"https:\/\/ralph-erich-hildebrandt.de\/index.php?rest_route=\/wp\/v2\/posts\/1024","targetHints":{"allow":["GET"]}}],"collection":[{"href":"https:\/\/ralph-erich-hildebrandt.de\/index.php?rest_route=\/wp\/v2\/posts"}],"about":[{"href":"https:\/\/ralph-erich-hildebrandt.de\/index.php?rest_route=\/wp\/v2\/types\/post"}],"author":[{"embeddable":true,"href":"https:\/\/ralph-erich-hildebrandt.de\/index.php?rest_route=\/wp\/v2\/users\/1"}],"replies":[{"embeddable":true,"href":"https:\/\/ralph-erich-hildebrandt.de\/index.php?rest_route=%2Fwp%2Fv2%2Fcomments&post=1024"}],"version-history":[{"count":1,"href":"https:\/\/ralph-erich-hildebrandt.de\/index.php?rest_route=\/wp\/v2\/posts\/1024\/revisions"}],"predecessor-version":[{"id":1025,"href":"https:\/\/ralph-erich-hildebrandt.de\/index.php?rest_route=\/wp\/v2\/posts\/1024\/revisions\/1025"}],"wp:attachment":[{"href":"https:\/\/ralph-erich-hildebrandt.de\/index.php?rest_route=%2Fwp%2Fv2%2Fmedia&parent=1024"}],"wp:term":[{"taxonomy":"category","embeddable":true,"href":"https:\/\/ralph-erich-hildebrandt.de\/index.php?rest_route=%2Fwp%2Fv2%2Fcategories&post=1024"},{"taxonomy":"post_tag","embeddable":true,"href":"https:\/\/ralph-erich-hildebrandt.de\/index.php?rest_route=%2Fwp%2Fv2%2Ftags&post=1024"}],"curies":[{"name":"wp","href":"https:\/\/api.w.org\/{rel}","templated":true}]}}