{"id":113,"date":"2013-08-20T17:44:28","date_gmt":"2013-08-20T16:44:28","guid":{"rendered":"http:\/\/ralph-erich-hildebrandt.de\/?p=113"},"modified":"2013-08-20T17:45:24","modified_gmt":"2013-08-20T16:45:24","slug":"plakate-fuer-klaus-kruetzen","status":"publish","type":"post","link":"https:\/\/ralph-erich-hildebrandt.de\/?p=113","title":{"rendered":"Plakate f\u00fcr Klaus Kr\u00fctzen"},"content":{"rendered":"<p>Zusammen mit meinen OV-Genossen Ina Grothe, Susanne Henne und J\u00fcrgen Jaschinski haben wir heute die Plakate f\u00fcr Klaus Kr\u00fctzen in Rosellerheide-Neuenbaum aufgeh\u00e4ngt.<\/p>\n<p>Am 22.9. SPD w\u00e4hlen!!!<\/p>\n<p><a href=\"http:\/\/klaus-kruetzen.de\/\" target=\"_blank\"><img decoding=\"async\" src=\"http:\/\/klaus-kruetzen.de\/wp-content\/uploads\/2013\/06\/klare-kante-kk-logo-w.jpg\" heigt=\"33%\" width=\"33%\" alt=\"\" \/><\/a><\/p>\n","protected":false},"excerpt":{"rendered":"<p>Zusammen mit meinen OV-Genossen Ina Grothe, Susanne Henne und J\u00fcrgen Jaschinski haben wir heute die Plakate f\u00fcr Klaus Kr\u00fctzen in Rosellerheide-Neuenbaum aufgeh\u00e4ngt. Am 22.9. SPD w\u00e4hlen!!!<\/p>\n","protected":false},"author":1,"featured_media":0,"comment_status":"closed","ping_status":"open","sticky":false,"template":"","format":"standard","meta":{"_crdt_document":"","footnotes":""},"categories":[7],"tags":[],"class_list":["post-113","post","type-post","status-publish","format-standard","hentry","category-partei"],"_links":{"self":[{"href":"https:\/\/ralph-erich-hildebrandt.de\/index.php?rest_route=\/wp\/v2\/posts\/113","targetHints":{"allow":["GET"]}}],"collection":[{"href":"https:\/\/ralph-erich-hildebrandt.de\/index.php?rest_route=\/wp\/v2\/posts"}],"about":[{"href":"https:\/\/ralph-erich-hildebrandt.de\/index.php?rest_route=\/wp\/v2\/types\/post"}],"author":[{"embeddable":true,"href":"https:\/\/ralph-erich-hildebrandt.de\/index.php?rest_route=\/wp\/v2\/users\/1"}],"replies":[{"embeddable":true,"href":"https:\/\/ralph-erich-hildebrandt.de\/index.php?rest_route=%2Fwp%2Fv2%2Fcomments&post=113"}],"version-history":[{"count":2,"href":"https:\/\/ralph-erich-hildebrandt.de\/index.php?rest_route=\/wp\/v2\/posts\/113\/revisions"}],"predecessor-version":[{"id":115,"href":"https:\/\/ralph-erich-hildebrandt.de\/index.php?rest_route=\/wp\/v2\/posts\/113\/revisions\/115"}],"wp:attachment":[{"href":"https:\/\/ralph-erich-hildebrandt.de\/index.php?rest_route=%2Fwp%2Fv2%2Fmedia&parent=113"}],"wp:term":[{"taxonomy":"category","embeddable":true,"href":"https:\/\/ralph-erich-hildebrandt.de\/index.php?rest_route=%2Fwp%2Fv2%2Fcategories&post=113"},{"taxonomy":"post_tag","embeddable":true,"href":"https:\/\/ralph-erich-hildebrandt.de\/index.php?rest_route=%2Fwp%2Fv2%2Ftags&post=113"}],"curies":[{"name":"wp","href":"https:\/\/api.w.org\/{rel}","templated":true}]}}