{"id":136,"date":"2013-12-17T15:04:27","date_gmt":"2013-12-17T14:04:27","guid":{"rendered":"http:\/\/ralph-erich-hildebrandt.de\/?p=136"},"modified":"2013-12-17T15:05:07","modified_gmt":"2013-12-17T14:05:07","slug":"weihnachten-2013","status":"publish","type":"post","link":"https:\/\/ralph-erich-hildebrandt.de\/?p=136","title":{"rendered":"Weihnachten 2013"},"content":{"rendered":"<p><a href=\"http:\/\/ralph-erich-hildebrandt.de\/wp-content\/uploads\/2013\/12\/weihnachten2013.png\"><img loading=\"lazy\" decoding=\"async\" class=\"alignnone size-medium wp-image-137\" alt=\"weihnachten2013\" src=\"http:\/\/ralph-erich-hildebrandt.de\/wp-content\/uploads\/2013\/12\/weihnachten2013-300x111.png\" width=\"300\" height=\"111\" srcset=\"https:\/\/ralph-erich-hildebrandt.de\/wp-content\/uploads\/2013\/12\/weihnachten2013-300x111.png 300w, https:\/\/ralph-erich-hildebrandt.de\/wp-content\/uploads\/2013\/12\/weihnachten2013.png 851w\" sizes=\"auto, (max-width: 300px) 100vw, 300px\" \/><\/a><\/p>\n<p>&nbsp;<\/p>\n<p>Liebe B\u00fcrgerinnen und B\u00fcrger,<\/p>\n<p>das abgelaufene Jahr 2013 war gezeichnet von der Bundestagswahl, die dann vieles \u00dcberraschendes gebracht hat.<br \/>\nLetztendlich waren wir Sozialdemokraten mit unserem Ergebnis nicht zufrieden.<br \/>\nAuch die Folge der &#8211; um das Wort des Jahres zu gebrauchen &#8211; GroKo ist bei den Sozialdemokraten durchaus ungeliebt gewesen auf Grund der Erfahrungen der Regierung in den Jahren 2005-2009.<br \/>\nDennoch hat der Koalitionsvertrag und das folgende Mitgliedervotum ein deutlich st\u00e4rkeres Selbstbewusstsein der SPD gef\u00f6rdert.<\/p>\n<p>Mit dieser Kraft haben wir uns in den letzten Jahren immer wieder im Bezirksausschuss und im Stadtrat f\u00fcr Sie hier im Stadtbezirk Rosellen eingesetzt.<\/p>\n<p>Damit das auch so bleibt oder sich noch verbessert, wollen wir f\u00fcr die Kommunalwahl 2014 besonders um Ihre Stimmen werben.<\/p>\n<p>Mit Ingo Stolz, unserem Stadtverordneten aus Allerheiligen, den alle immer den &#8222;B\u00fcrgermeister von Allerheiligen&#8220; nennen, haben wir einen profunden Kenner der Ortspolitik, der in 10 Jahren Stadtratsarbeit alle m\u00f6glichen Kontakte hat, um den Ort voran zu bringen.<\/p>\n<p>Als ausgewiesener Experte der Schul- und Stadtteilpolitik stelle ich mich Ihnen erstmalig in Rosellen\/Rosellerheide-Neuenbaum zur Wahl. Als Vorsitzender der SPD Rosellen kenne ich die vielf\u00e4ltigen Belange meines Stadtbezirks.<br \/>\nMein Vorg\u00e4nger, Heinz London, hat sich in Neuss als &#8222;Mr. Sport&#8220; einen Namen gemacht. Er wird mir und dem Ortsverein weiterhin mit Rat und Tat zur Verf\u00fcgung stehen.<\/p>\n<p>Dazu wird mein langj\u00e4hriger Vorg\u00e4nger im Amt als Ortsvereinsvorsitzender Horst Fischer wieder f\u00fcr den Kreistag kandidieren. Seine hohe Reputation haben ihn zu einer wichtigen Person in der Kreispolitik und zum stellvertretenden Fraktionsvorsitzenden gemacht.<\/p>\n<p>Die SPD ist immer nah am Puls des Geschehens hier im Ort. Wie man jetzt beim Thema Feuer- und Rettungswache f\u00fcr den Neusser S\u00fcden sieht, werden unsere Ideen von den Regierenden in der Stadt zun\u00e4chst abgelehnt, um sie dann nach einiger Zeit als ihre eigenen aufzugreifen und zu Zeiten des Wahlkampfes als hei\u00dfe Luft zu propagieren, die nach der Wahl wieder schnell verpufft.<\/p>\n<p>Daher ist es wichtig, dass die SPD im n\u00e4chsten Jahr\u00a0 in unseren Ortsteilen gest\u00e4rkt wird.<\/p>\n<p>Haben Sie ein besonderes Anliegen in unserem Stadtbezirk?<br \/>\nSprechen Sie Ingo Stolz, Horst Fischer oder mich an, wir werden uns um Ihr Anliegen k\u00fcmmern.<\/p>\n<p>Nun gilt es aber erst einmal um die Feiertage ein wenig Ruhe und Besinnlichkeit zu finden. Viele von Ihnen werden das in unseren beiden Kirchen tun, wo sich durch den Weggang von Pfarrer Vossen nach D\u00fcsseldorf und die Pensionierung von Pfarrer Schenk in der zweiten Jahresh\u00e4lfte auch Ver\u00e4nderungen zeigen werden.<\/p>\n<p>Auch wenn die Tendenz des Menschen auf Bewahren liegt, so ist es die Ver\u00e4nderung, die uns weiter bringt.<\/p>\n<p>In diesem Sinne w\u00fcnsche ich Ihnen, ein ruhiges und besinnliches Weihnachtsfest und einen guten Rutsch in ein f\u00fcr uns alle verhei\u00dfungsvolles Jahr 2014.<\/p>\n<p>Ihr<br \/>\nRalph-Erich Hildebrandt<br \/>\nVorsitzender der SPD Rosellen<\/p>\n","protected":false},"excerpt":{"rendered":"<p>&nbsp; Liebe B\u00fcrgerinnen und B\u00fcrger, das abgelaufene Jahr 2013 war gezeichnet von der Bundestagswahl, die dann vieles \u00dcberraschendes gebracht hat. Letztendlich waren wir Sozialdemokraten mit unserem Ergebnis nicht zufrieden. Auch die Folge der &#8211; um das Wort des Jahres zu gebrauchen &#8211; GroKo ist bei den Sozialdemokraten durchaus ungeliebt gewesen auf Grund der Erfahrungen der [&hellip;]<\/p>\n","protected":false},"author":1,"featured_media":0,"comment_status":"closed","ping_status":"open","sticky":false,"template":"","format":"standard","meta":{"_crdt_document":"","footnotes":""},"categories":[7],"tags":[],"class_list":["post-136","post","type-post","status-publish","format-standard","hentry","category-partei"],"_links":{"self":[{"href":"https:\/\/ralph-erich-hildebrandt.de\/index.php?rest_route=\/wp\/v2\/posts\/136","targetHints":{"allow":["GET"]}}],"collection":[{"href":"https:\/\/ralph-erich-hildebrandt.de\/index.php?rest_route=\/wp\/v2\/posts"}],"about":[{"href":"https:\/\/ralph-erich-hildebrandt.de\/index.php?rest_route=\/wp\/v2\/types\/post"}],"author":[{"embeddable":true,"href":"https:\/\/ralph-erich-hildebrandt.de\/index.php?rest_route=\/wp\/v2\/users\/1"}],"replies":[{"embeddable":true,"href":"https:\/\/ralph-erich-hildebrandt.de\/index.php?rest_route=%2Fwp%2Fv2%2Fcomments&post=136"}],"version-history":[{"count":2,"href":"https:\/\/ralph-erich-hildebrandt.de\/index.php?rest_route=\/wp\/v2\/posts\/136\/revisions"}],"predecessor-version":[{"id":139,"href":"https:\/\/ralph-erich-hildebrandt.de\/index.php?rest_route=\/wp\/v2\/posts\/136\/revisions\/139"}],"wp:attachment":[{"href":"https:\/\/ralph-erich-hildebrandt.de\/index.php?rest_route=%2Fwp%2Fv2%2Fmedia&parent=136"}],"wp:term":[{"taxonomy":"category","embeddable":true,"href":"https:\/\/ralph-erich-hildebrandt.de\/index.php?rest_route=%2Fwp%2Fv2%2Fcategories&post=136"},{"taxonomy":"post_tag","embeddable":true,"href":"https:\/\/ralph-erich-hildebrandt.de\/index.php?rest_route=%2Fwp%2Fv2%2Ftags&post=136"}],"curies":[{"name":"wp","href":"https:\/\/api.w.org\/{rel}","templated":true}]}}