{"id":21,"date":"2013-03-15T07:39:22","date_gmt":"2013-03-15T07:39:22","guid":{"rendered":"http:\/\/ralph-erich-hildebrandt.de\/?p=21"},"modified":"2013-03-15T07:39:22","modified_gmt":"2013-03-15T07:39:22","slug":"ein-zeichen-gegen-rechts","status":"publish","type":"post","link":"https:\/\/ralph-erich-hildebrandt.de\/?p=21","title":{"rendered":"Ein Zeichen gegen Rechts"},"content":{"rendered":"<p>Die rechtsradikale Organisation &#8222;Pro NRW&#8220; hat bei der Neusser Kreispolizeibeh\u00f6rde f\u00fcr Freitag, den 15. M\u00e4rz 2013 in der Zeit von 14.00 Uhr bis 17.00 Uhr eine Kundgebung angemeldet.<\/p>\n<p>Das volksverhetzende Motto lautet:<\/p>\n<p>&#8222;Es gibt kein Grundrecht auf Asylmissbrauch &#8211; Keine neuen Asylantenheime nach NRW.&#8220;<\/p>\n<p>Die Kundgebung soll an der Nordkanalallee\/Ecke Augustinusstra\u00dfe stattfinden, also in unmittelbarer N\u00e4he des Neusser \u00dcbergangheims f\u00fcr Asylsuchende (ehemals Alex).<\/p>\n<p>Die Asylsuchenden Menschen in unserer Stadt m\u00fcssen darauf vertrauen k\u00f6nnen, dass wir sie in dieser Situation nicht im Stich lassen.<\/p>\n<p>Deshalb wollen wir an diesem Freitag auf dem Platz vor dem Haupteingang des Alex einen &#8222;Interkulturellen Markt der M\u00f6glichkeiten&#8220; veranstalten, zudem wir die Bewohner des \u00dcbergangheimes herzlich einladen.<\/p>\n<p>Informationen, gute Gespr\u00e4che, Musik, Essen und Trinken sollen es zu einem kleinen Fest werden lassen.<\/p>\n<p>CDU, B\u00fcndnisgr\u00fcne und die Neusser Wohlfahrtverb\u00e4nde haben bereits deutlich gemacht, dass sie sich daran beteiligen werden.<\/p>\n<p>Die SPD Neuss ist ebenfalls mit einem Stand vertreten sein. Dort werden Sie mich im Laufe des Nachmittags auch antreffen.<\/p>\n<p>&nbsp;<\/p>\n","protected":false},"excerpt":{"rendered":"<p>Die rechtsradikale Organisation &#8222;Pro NRW&#8220; hat bei der Neusser Kreispolizeibeh\u00f6rde f\u00fcr Freitag, den 15. M\u00e4rz 2013 in der Zeit von 14.00 Uhr bis 17.00 Uhr eine Kundgebung angemeldet. Das volksverhetzende Motto lautet: &#8222;Es gibt kein Grundrecht auf Asylmissbrauch &#8211; Keine neuen Asylantenheime nach NRW.&#8220; Die Kundgebung soll an der Nordkanalallee\/Ecke Augustinusstra\u00dfe stattfinden, also in unmittelbarer [&hellip;]<\/p>\n","protected":false},"author":1,"featured_media":0,"comment_status":"closed","ping_status":"open","sticky":false,"template":"","format":"standard","meta":{"_crdt_document":"","footnotes":""},"categories":[8,7],"tags":[],"class_list":["post-21","post","type-post","status-publish","format-standard","hentry","category-gesellschaft","category-partei"],"_links":{"self":[{"href":"https:\/\/ralph-erich-hildebrandt.de\/index.php?rest_route=\/wp\/v2\/posts\/21","targetHints":{"allow":["GET"]}}],"collection":[{"href":"https:\/\/ralph-erich-hildebrandt.de\/index.php?rest_route=\/wp\/v2\/posts"}],"about":[{"href":"https:\/\/ralph-erich-hildebrandt.de\/index.php?rest_route=\/wp\/v2\/types\/post"}],"author":[{"embeddable":true,"href":"https:\/\/ralph-erich-hildebrandt.de\/index.php?rest_route=\/wp\/v2\/users\/1"}],"replies":[{"embeddable":true,"href":"https:\/\/ralph-erich-hildebrandt.de\/index.php?rest_route=%2Fwp%2Fv2%2Fcomments&post=21"}],"version-history":[{"count":2,"href":"https:\/\/ralph-erich-hildebrandt.de\/index.php?rest_route=\/wp\/v2\/posts\/21\/revisions"}],"predecessor-version":[{"id":23,"href":"https:\/\/ralph-erich-hildebrandt.de\/index.php?rest_route=\/wp\/v2\/posts\/21\/revisions\/23"}],"wp:attachment":[{"href":"https:\/\/ralph-erich-hildebrandt.de\/index.php?rest_route=%2Fwp%2Fv2%2Fmedia&parent=21"}],"wp:term":[{"taxonomy":"category","embeddable":true,"href":"https:\/\/ralph-erich-hildebrandt.de\/index.php?rest_route=%2Fwp%2Fv2%2Fcategories&post=21"},{"taxonomy":"post_tag","embeddable":true,"href":"https:\/\/ralph-erich-hildebrandt.de\/index.php?rest_route=%2Fwp%2Fv2%2Ftags&post=21"}],"curies":[{"name":"wp","href":"https:\/\/api.w.org\/{rel}","templated":true}]}}