{"id":24,"date":"2013-03-16T10:15:22","date_gmt":"2013-03-16T09:15:22","guid":{"rendered":"http:\/\/ralph-erich-hildebrandt.de\/?p=24"},"modified":"2013-03-16T10:15:22","modified_gmt":"2013-03-16T09:15:22","slug":"turnhalle-wird-umfassend-saniert","status":"publish","type":"post","link":"https:\/\/ralph-erich-hildebrandt.de\/?p=24","title":{"rendered":"Turnhalle wird umfassend saniert"},"content":{"rendered":"<p>Die kleine Turnhalle der St. Peter Schule hat ein marodes Dach. Das war bei Routinekontrollen entdeckt und die Halle sofort gesperrt worden.<\/p>\n<p>Ein Kraftakt f\u00fcr Schule und Vereinssport, der umfangreiche Umplanungen in Kauf nehmen musste. Die NGZ berichtete vor Ort.<\/p>\n<p>Dezernent Heck von der Stadt Neuss konnte am Mittwoch im Bezirksausschuss Rosellen den besorgten Politikern, die mit Antr\u00e4gen den Punkt auf die Tagesordnung hatten setzen lassen, bereits positive Nachrichten vermitteln. Die Turnhalle wird vom st\u00e4dtischen Geb\u00e4udemanagement (GMN) umfassend saniert, da eine alleinige Dachsanierung weder aus haushaltspolitischen noch aus zeitlichen Gr\u00fcnden g\u00fcnstiger w\u00e4re. Erste Architektenpl\u00e4ne liegen schon vor, so dass schnellstm\u00f6glich europaweit ausgeschrieben und voraussichtlich in den Sommerferien 2013 mit den Arbeiten begonnen werden kann. Diese werden sich bis zu den Weihnachtsferien hinziehen und zum Jahr 2014 dann eine grundsanierte Halle f\u00fcr den Schulsport der St. Peter Schule und den Vereinssport des SV Rosellen erm\u00f6glichen, die dann auch neuste energetische Standards erf\u00fcllen wird, um laufende Unterhaltskosten einzusparen.<\/p>\n<p><a href=\"http:\/\/ralph-erich-hildebrandt.de\/?attachment_id=25\" rel=\"attachment wp-att-25\">Antrag von Ralph-Erich Hildebrandt Turnhalle BZA Rosellen 13.3.2013<\/a><\/p>\n","protected":false},"excerpt":{"rendered":"<p>Die kleine Turnhalle der St. Peter Schule hat ein marodes Dach. Das war bei Routinekontrollen entdeckt und die Halle sofort gesperrt worden. Ein Kraftakt f\u00fcr Schule und Vereinssport, der umfangreiche Umplanungen in Kauf nehmen musste. Die NGZ berichtete vor Ort. Dezernent Heck von der Stadt Neuss konnte am Mittwoch im Bezirksausschuss Rosellen den besorgten Politikern, [&hellip;]<\/p>\n","protected":false},"author":1,"featured_media":0,"comment_status":"closed","ping_status":"open","sticky":false,"template":"","format":"standard","meta":{"_crdt_document":"","footnotes":""},"categories":[5,6],"tags":[],"class_list":["post-24","post","type-post","status-publish","format-standard","hentry","category-bildung","category-infrastruktur"],"_links":{"self":[{"href":"https:\/\/ralph-erich-hildebrandt.de\/index.php?rest_route=\/wp\/v2\/posts\/24","targetHints":{"allow":["GET"]}}],"collection":[{"href":"https:\/\/ralph-erich-hildebrandt.de\/index.php?rest_route=\/wp\/v2\/posts"}],"about":[{"href":"https:\/\/ralph-erich-hildebrandt.de\/index.php?rest_route=\/wp\/v2\/types\/post"}],"author":[{"embeddable":true,"href":"https:\/\/ralph-erich-hildebrandt.de\/index.php?rest_route=\/wp\/v2\/users\/1"}],"replies":[{"embeddable":true,"href":"https:\/\/ralph-erich-hildebrandt.de\/index.php?rest_route=%2Fwp%2Fv2%2Fcomments&post=24"}],"version-history":[{"count":1,"href":"https:\/\/ralph-erich-hildebrandt.de\/index.php?rest_route=\/wp\/v2\/posts\/24\/revisions"}],"predecessor-version":[{"id":26,"href":"https:\/\/ralph-erich-hildebrandt.de\/index.php?rest_route=\/wp\/v2\/posts\/24\/revisions\/26"}],"wp:attachment":[{"href":"https:\/\/ralph-erich-hildebrandt.de\/index.php?rest_route=%2Fwp%2Fv2%2Fmedia&parent=24"}],"wp:term":[{"taxonomy":"category","embeddable":true,"href":"https:\/\/ralph-erich-hildebrandt.de\/index.php?rest_route=%2Fwp%2Fv2%2Fcategories&post=24"},{"taxonomy":"post_tag","embeddable":true,"href":"https:\/\/ralph-erich-hildebrandt.de\/index.php?rest_route=%2Fwp%2Fv2%2Ftags&post=24"}],"curies":[{"name":"wp","href":"https:\/\/api.w.org\/{rel}","templated":true}]}}