{"id":315,"date":"2015-11-20T17:27:56","date_gmt":"2015-11-20T16:27:56","guid":{"rendered":"http:\/\/ralph-erich-hildebrandt.de\/?p=315"},"modified":"2015-11-20T17:27:56","modified_gmt":"2015-11-20T16:27:56","slug":"turnhalle-allerheiligen-wird-nun-ab-10-dezember-als-fluechtlingsquartier-verwendet","status":"publish","type":"post","link":"https:\/\/ralph-erich-hildebrandt.de\/?p=315","title":{"rendered":"Turnhalle Allerheiligen wird nun ab 10. Dezember als Fl\u00fcchtlingsquartier verwendet"},"content":{"rendered":"<p>Bereits am 6.11.2015 hat SPD-Stadtverodneter Ralph-Erich Hildebrandt \u00fcber entsprechenden Informationen im Rat der Stadt Neuss berichtet.<\/p>\n<p>Wenige Tage sp\u00e4ter nun die Gewissheit.<\/p>\n<p>Gestern nachmittag wurde zun\u00e4chst die Lokalpolitik und der SV Rosellen unterrichtet. Kurze Zeit danach gaben B\u00fcrgermeister Breuer und Sozialdezernent Hahn eine Presseerkl\u00e4rung ab.<\/p>\n<blockquote><p>So wird die Sporthalle Allerheiligen vorr\u00fcbergehend um\u00adgenutzt werden m\u00fcssen. Dazu wird der Sportbetrieb ab dem 1. Dezember in der Halle eingestellt und die Hallenr\u00e4ume zu Wohnzwecken hergerichtet. Das Geb\u00e4udemanagement wird den Boden mit einer Abdeckung versehen und die Mitarbeiter des Deutschen Roten Kreuzes, die die Halle betreiben, werden die Sporthalle mit Betten und Trennw\u00e4nden zur Schaffung ei\u00adnes Mindestma\u00dfes an Privatsph\u00e4re f\u00fcr die 300 k\u00fcnftigen Be\u00adwohner ausstatten. Ein Hallenteil wird f\u00fcr die Essensausgabe vorbereitet und andere Versorgungsr\u00e4ume werden hergerichtet. Etwa ab dem 10. Dezember k\u00f6nnen dann die Fl\u00fcchtlinge dort vor\u00fcbergehend leben, bis R\u00e4ume in anderen Fl\u00fcchtlingsunter\u00adk\u00fcnften bereit stehen. Heute Mittag wurden die Sportvereine, Schulen und die Politik vor Ort \u00fcber die notwendigen Ma\u00dfnah\u00admen informiert. Die Verwaltung wird Ma\u00dfnahmen ergreifen, um den Schulsport sicher zu stellen. Mit den Vereinen werden Alternativen f\u00fcr den Sportbetrieb gesucht.<\/p>\n<p>Im Zuge dieses zweigleisigen Konzeptes werden auch Tragluft\u00adhallen aufgestellt. Die Stadt hat drei solcher Hallen f\u00fcr jeweils etwa 300 Menschen bestellt. Die Hallen werden, vorbehaltlich technischer Pr\u00fcfungen, auf dem ehemaligen VfR-Platz an der Hammer Landstra\u00dfe und auf dem Parkplatz an der Eissport\u00adhalle sowie an einem weiteren Standort errichtet. So entsteht Platz f\u00fcr die kurzfristige Aufnahme von etwa 900 Fl\u00fcchtlingen. Die Verwaltung hofft dadurch, im Februar die Sporthalle in Allerheiligen frei r\u00e4umen und den Sportlern wieder \u00fcbergeben zu k\u00f6nnen.<\/p><\/blockquote>\n<p><a href=\"http:\/\/www.neuss.de\/neue-dynamik-bei-der-fluechtlingszuweisung\" target=\"_blank\">Neue Dynamik bei der Fl\u00fcchtlingszuweisung<\/a><\/p>\n<p>Auch die NGZ berichtete heute bereits dar\u00fcber.<br \/>\n<a href=\"http:\/\/www.rp-online.de\/nrw\/staedte\/neuss\/so-will-neuss-platz-fuer-fluechtlinge-schaffen-aid-1.5573597\" target=\"_blank\">So will Neuss Platz f\u00fcr Fl\u00fcchtlinge schaffen<\/a><\/p>\n<p>&#8222;Wir m\u00fcssen nun unsere \u00c4ngste und Bedenken erst einmal \u00fcber Bord werfen. Lasst uns alle anpacken, dass zun\u00e4chst einmal die \u00dcbergangsl\u00f6sung in der Turnhalle f\u00fcr uns gestemmt wird.&#8220;, betont dabei Ralph-Erich Hildebrandt.<\/p>\n<p>F\u00fcr die Freizeitabteilung des SV Rosellen wird es nat\u00fcrlich jetzt besonders schwer, da vielf\u00e4ltige Sportangebote in der Halle angeboten werden. &#8222;Ich bitte die B\u00fcrgerinnen und B\u00fcrger von Allerheiligen dem SV hier auch die Treue zu halten und nicht auszutreten. Auch das ist ein Akt der Solidarit\u00e4t&#8220;, so Hildebrandt weiter.<\/p>\n","protected":false},"excerpt":{"rendered":"<p>Bereits am 6.11.2015 hat SPD-Stadtverodneter Ralph-Erich Hildebrandt \u00fcber entsprechenden Informationen im Rat der Stadt Neuss berichtet. Wenige Tage sp\u00e4ter nun die Gewissheit. Gestern nachmittag wurde zun\u00e4chst die Lokalpolitik und der SV Rosellen unterrichtet. Kurze Zeit danach gaben B\u00fcrgermeister Breuer und Sozialdezernent Hahn eine Presseerkl\u00e4rung ab. So wird die Sporthalle Allerheiligen vorr\u00fcbergehend um\u00adgenutzt werden m\u00fcssen. Dazu [&hellip;]<\/p>\n","protected":false},"author":1,"featured_media":0,"comment_status":"closed","ping_status":"open","sticky":false,"template":"","format":"standard","meta":{"_crdt_document":"","footnotes":""},"categories":[9,8,17,10],"tags":[],"class_list":["post-315","post","type-post","status-publish","format-standard","hentry","category-bezirksausschuss-rosellen","category-gesellschaft","category-stadtrat","category-unsere-ortschaften"],"_links":{"self":[{"href":"https:\/\/ralph-erich-hildebrandt.de\/index.php?rest_route=\/wp\/v2\/posts\/315","targetHints":{"allow":["GET"]}}],"collection":[{"href":"https:\/\/ralph-erich-hildebrandt.de\/index.php?rest_route=\/wp\/v2\/posts"}],"about":[{"href":"https:\/\/ralph-erich-hildebrandt.de\/index.php?rest_route=\/wp\/v2\/types\/post"}],"author":[{"embeddable":true,"href":"https:\/\/ralph-erich-hildebrandt.de\/index.php?rest_route=\/wp\/v2\/users\/1"}],"replies":[{"embeddable":true,"href":"https:\/\/ralph-erich-hildebrandt.de\/index.php?rest_route=%2Fwp%2Fv2%2Fcomments&post=315"}],"version-history":[{"count":1,"href":"https:\/\/ralph-erich-hildebrandt.de\/index.php?rest_route=\/wp\/v2\/posts\/315\/revisions"}],"predecessor-version":[{"id":316,"href":"https:\/\/ralph-erich-hildebrandt.de\/index.php?rest_route=\/wp\/v2\/posts\/315\/revisions\/316"}],"wp:attachment":[{"href":"https:\/\/ralph-erich-hildebrandt.de\/index.php?rest_route=%2Fwp%2Fv2%2Fmedia&parent=315"}],"wp:term":[{"taxonomy":"category","embeddable":true,"href":"https:\/\/ralph-erich-hildebrandt.de\/index.php?rest_route=%2Fwp%2Fv2%2Fcategories&post=315"},{"taxonomy":"post_tag","embeddable":true,"href":"https:\/\/ralph-erich-hildebrandt.de\/index.php?rest_route=%2Fwp%2Fv2%2Ftags&post=315"}],"curies":[{"name":"wp","href":"https:\/\/api.w.org\/{rel}","templated":true}]}}