{"id":329,"date":"2015-12-21T11:25:22","date_gmt":"2015-12-21T10:25:22","guid":{"rendered":"http:\/\/ralph-erich-hildebrandt.de\/?p=329"},"modified":"2015-12-21T14:14:44","modified_gmt":"2015-12-21T13:14:44","slug":"frohe-weihnachten-2015","status":"publish","type":"post","link":"https:\/\/ralph-erich-hildebrandt.de\/?p=329","title":{"rendered":"Frohe Weihnachten 2015"},"content":{"rendered":"<p><a href=\"http:\/\/ralph-erich-hildebrandt.de\/?attachment_id=332\" rel=\"attachment wp-att-332\"><img loading=\"lazy\" decoding=\"async\" src=\"http:\/\/ralph-erich-hildebrandt.de\/wp-content\/uploads\/2015\/12\/weihnachten2015.jpg\" alt=\"Frohe Weihnachten\" width=\"450\" height=\"300\" class=\"aligncenter size-full wp-image-332\" srcset=\"https:\/\/ralph-erich-hildebrandt.de\/wp-content\/uploads\/2015\/12\/weihnachten2015.jpg 450w, https:\/\/ralph-erich-hildebrandt.de\/wp-content\/uploads\/2015\/12\/weihnachten2015-300x200.jpg 300w\" sizes=\"auto, (max-width: 450px) 100vw, 450px\" \/><\/a><\/p>\n<p>Liebe B\u00fcrgerinnen und B\u00fcrger des Stadtbezirks Rosellen,<\/p>\n<p>wieder ist ein Jahr ins Land gegangen.<\/p>\n<p>Unser Stadtbezirk w\u00e4chst und gedeiht.<br \/>\nEndlich haben wir eine Grundschule in Allerheiligen &#8211; auch wenn es noch ein Provisorium ist &#8211; aber der Neubau ist begonnen und die Schule ist schon gleich ein Erfolg geworden, so dass wir gleich anbauen k\u00f6nnen.<\/p>\n<p>Eine weitere Kita ist in Betrieb genommen worden, um die vielen Kinder aus dem Stadtbezirk auch unterbringen zu k\u00f6nnen.<\/p>\n<p>Das Baugebiet Allerheiligen B1 ist quasi voll, die Verkehrsprobleme durch zu eng gebaute Stra\u00dfen konnte ich verhindern. Im n\u00e4chsten Jahr werden noch die Quartierspl\u00e4tze fertiggestellt, die Ausbauplanung hat dazu am Freitag den Rat endg\u00fcltig passiert.<br \/>\nDer Bezirksausschuss hat meine Bem\u00fchungen um die Suche nach zus\u00e4tzlichem Parkraum sehr begr\u00fcsst. Warten wir die Ergebnisse im n\u00e4chsten Jahr ab.<\/p>\n<p>W\u00e4hrend in Allerheiligen B2 die meisten Grundst\u00fccke verkauft sind und die ersten Baustellen begonnen wurden, sind die n\u00e4chsten Baugebiete schon in der Pipeline. F\u00fcr Kuckhof West und Ost, am s\u00fcdlichen Rand von Allerheiligen, ist die erste Lesung des Bebauungsplans erfolgt, in 2016 erwarten wir die weitere Ausgestaltung auch mit unseren \u00f6rtlichen Anregungen und Verbesserungsw\u00fcnschen.<\/p>\n<p>Weitere Gebiete Rosellerheide-Schwarzer Graben und Allerheiligen-Rosenhof sind in der Vorpr\u00fcfung.<\/p>\n<p>Ich hoffe, dass in 2016 auch endlich das Einzelhandelskonzept beschlossen wird, so dass der weitere Ausbau der Gesch\u00e4fte weitergehen kann.<\/p>\n<p>Nat\u00fcrlich hat uns die Fl\u00fcchtlingsproblematik auch in unseren Ortschaften nicht verschont.<br \/>\nEs begann schon damit, dass in ersten B\u00fcrgerversammlungen die Grobplanungen f\u00fcr Allerheiligen-Am Steinacker und Rosellerheide-Ueckerather Stra\u00dfe f\u00fcr dezentrale Unterbringungseinrichtungen vorgestellt wurden.<br \/>\nAuf Grund der weiteren Dynamik werden beide wohl sehr viel sp\u00e4ter kommen als wir alle im Fr\u00fchjahr vermutet hatten. Fr\u00fchste Fertigstellungstermine sollen nicht vor dem 4. Quartal 2016 sein.<\/p>\n<p>Dennoch hat uns die starke Zunahme von Fl\u00fcchtlingen nach Deutschland, NRW, Neuss getroffen. Bereits im September durften wir erfahren, dass die Sporthalle Allerheiligen als m\u00f6gliche Landeserstaufnahmeeinrichtung in Frage kommen w\u00fcrde. Dazu ist es zwar nicht gekommen, aber auf Grund der langen Lieferfristen f\u00fcr die dezentralen Einrichtungen musste die Turnhalle jetzt vor Weihnachten von der Stadt als Notunterkunft f\u00fcr 300 Personen hergerichtet werden.<\/p>\n<p>Selbst wenn wir wohl keine Belegung mehr in diesem Jahr bekommen werden, ist sicher, dass ab Januar dort Menschen die vor Krieg, Tod und Vertreibung geflohen sind, erst einmal ein Dach \u00fcber dem Kopf bekommen werden.<br \/>\nHelfen Sie mit, dass unser Stadtbezirk mit seiner Hilfsbereitschaft ein Vorbild sein kann. Helfen Sie dem DRK und der katholischen Kirche in den Apostelpfarren, die die Betreuung \u00fcbernommen haben, dass wir zeigen k\u00f6nnen, dass bei allen pers\u00f6nlichen Bedenken und Sorgen diese in den Hintergrund tritt und stattdessen wir offen und zuversichtlich auf die Menschen zugehen k\u00f6nnen.<\/p>\n<p>Politisch ist das Jahr 2015 f\u00fcr Neuss das Jahr eines Erdbebens geworden. Nachdem die CDU bereits in der Kommunalwahl zum zweiten Mal in Folge ihre absolute Mehrheit im Rat verloren hattte, wurde nun auch zum ersten Mal mit dem SPD-Kandidaten Reiner Breuer jemand zum B\u00fcrgermeister seit der Nazizeit gew\u00e4hlt, der kein CDU-Parteibuch hat.<br \/>\nSchon nach kurzer Zeit kann ich sagen, dass sich einiges in der Stadt Neuss &#8211; aus meiner Sicht positiv &#8211; ver\u00e4ndert hat.<br \/>\nIch denke, dass das auch im Handeln der Stadt f\u00fcr unseren Stadtbezirk einige deutliche Ver\u00e4nderungen mit sich bringen wird.<br \/>\nWobei ich fairerweise sagen muss, dass die lokal handelnden Politiker in vielen Fragen, die unseren Stadtbezirk unmittelbar betreffen, an einem Strang ziehen und einstimmig handeln. Bisher war nur die Stadt Neuss mit ihrem alten B\u00fcrgermeister und seiner Verwaltung oftmals der Hemmschuh. <\/p>\n<p>Eine der gr\u00f6\u00dften Herausforderungen f\u00fcr die Politik der Stadt wird die dauerhafte Integration der dann hier bleibenden Migranten werden. Hier sind gro\u00dfe Anstrengungen in den Bereichen Sprachf\u00f6rderung, Bildung, Soziales und vor allem Wohnungsbau zu leisten.<br \/>\nInsofern bin ich froh, dass mich der Rat der Stadt in der Nachfolge von Herrn B\u00fcrgermeister Breuer in den Ausschuss f\u00fcr Planung und Stadtentwicklung und nun auch in den Aufsichtsrat der Neusser Bauverein AG entsandt hat. So kann und werde ich neben meinem Schwerpunkt in der Bildungspolitik auch im Bereich Wohnungsbau hoffentlich dazu beitragen k\u00f6nnen, dass wir diese Aufgabe, die uns mindestens den Rest dieser Ratsperiode, aber wahrscheinlich dar\u00fcber hinaus besch\u00e4ftigen wird, erfolgreich meistern werden.<\/p>\n<p>Auch wenn der Spruch schon ein wenig abgedroschen ist.<br \/>\nWenn wir wirklich wollen, bin ich \u00fcberzeugt davon.<br \/>\nWir schaffen das!<\/p>\n<p>In diesem Sinne w\u00fcnsche ich Ihnen ein frohes, friedvolles Weihnachtsfest und einen guten Rutsch in ein Jahr 2016, das wir mit Mut und Optimismus anpacken sollten.<\/p>\n<p>Ihr Ralph-Erich Hildebrandt<br \/>\nVorsitzender der SPD-Rosellen<br \/>\nStadtverordneter<\/p>\n","protected":false},"excerpt":{"rendered":"<p>Liebe B\u00fcrgerinnen und B\u00fcrger des Stadtbezirks Rosellen, wieder ist ein Jahr ins Land gegangen. Unser Stadtbezirk w\u00e4chst und gedeiht. Endlich haben wir eine Grundschule in Allerheiligen &#8211; auch wenn es noch ein Provisorium ist &#8211; aber der Neubau ist begonnen und die Schule ist schon gleich ein Erfolg geworden, so dass wir gleich anbauen k\u00f6nnen. [&hellip;]<\/p>\n","protected":false},"author":1,"featured_media":0,"comment_status":"closed","ping_status":"open","sticky":false,"template":"","format":"standard","meta":{"_crdt_document":"","footnotes":""},"categories":[7,17],"tags":[],"class_list":["post-329","post","type-post","status-publish","format-standard","hentry","category-partei","category-stadtrat"],"_links":{"self":[{"href":"https:\/\/ralph-erich-hildebrandt.de\/index.php?rest_route=\/wp\/v2\/posts\/329","targetHints":{"allow":["GET"]}}],"collection":[{"href":"https:\/\/ralph-erich-hildebrandt.de\/index.php?rest_route=\/wp\/v2\/posts"}],"about":[{"href":"https:\/\/ralph-erich-hildebrandt.de\/index.php?rest_route=\/wp\/v2\/types\/post"}],"author":[{"embeddable":true,"href":"https:\/\/ralph-erich-hildebrandt.de\/index.php?rest_route=\/wp\/v2\/users\/1"}],"replies":[{"embeddable":true,"href":"https:\/\/ralph-erich-hildebrandt.de\/index.php?rest_route=%2Fwp%2Fv2%2Fcomments&post=329"}],"version-history":[{"count":2,"href":"https:\/\/ralph-erich-hildebrandt.de\/index.php?rest_route=\/wp\/v2\/posts\/329\/revisions"}],"predecessor-version":[{"id":333,"href":"https:\/\/ralph-erich-hildebrandt.de\/index.php?rest_route=\/wp\/v2\/posts\/329\/revisions\/333"}],"wp:attachment":[{"href":"https:\/\/ralph-erich-hildebrandt.de\/index.php?rest_route=%2Fwp%2Fv2%2Fmedia&parent=329"}],"wp:term":[{"taxonomy":"category","embeddable":true,"href":"https:\/\/ralph-erich-hildebrandt.de\/index.php?rest_route=%2Fwp%2Fv2%2Fcategories&post=329"},{"taxonomy":"post_tag","embeddable":true,"href":"https:\/\/ralph-erich-hildebrandt.de\/index.php?rest_route=%2Fwp%2Fv2%2Ftags&post=329"}],"curies":[{"name":"wp","href":"https:\/\/api.w.org\/{rel}","templated":true}]}}