{"id":52,"date":"2013-04-16T20:51:31","date_gmt":"2013-04-16T19:51:31","guid":{"rendered":"http:\/\/ralph-erich-hildebrandt.de\/?p=52"},"modified":"2013-04-16T20:51:31","modified_gmt":"2013-04-16T19:51:31","slug":"offiziell-zum-wahlkreiskandidaten-gewahlt","status":"publish","type":"post","link":"https:\/\/ralph-erich-hildebrandt.de\/?p=52","title":{"rendered":"Offiziell zum Wahlkreiskandidaten gew\u00e4hlt"},"content":{"rendered":"<p>Auf der heutigen Sitzung des Gro\u00dfen Stadtverbandes wurde ich heute Abend im Vogthaus zum SPD-Wahlkreiskandidaten f\u00fcr den Wahlkreis 25 Rosellen \/ Rosellerheide-Neuenbaum bestimmt.<\/p>\n","protected":false},"excerpt":{"rendered":"<p>Auf der heutigen Sitzung des Gro\u00dfen Stadtverbandes wurde ich heute Abend im Vogthaus zum SPD-Wahlkreiskandidaten f\u00fcr den Wahlkreis 25 Rosellen \/ Rosellerheide-Neuenbaum bestimmt.<\/p>\n","protected":false},"author":1,"featured_media":0,"comment_status":"closed","ping_status":"open","sticky":false,"template":"","format":"standard","meta":{"_crdt_document":"","footnotes":""},"categories":[7],"tags":[],"class_list":["post-52","post","type-post","status-publish","format-standard","hentry","category-partei"],"_links":{"self":[{"href":"https:\/\/ralph-erich-hildebrandt.de\/index.php?rest_route=\/wp\/v2\/posts\/52","targetHints":{"allow":["GET"]}}],"collection":[{"href":"https:\/\/ralph-erich-hildebrandt.de\/index.php?rest_route=\/wp\/v2\/posts"}],"about":[{"href":"https:\/\/ralph-erich-hildebrandt.de\/index.php?rest_route=\/wp\/v2\/types\/post"}],"author":[{"embeddable":true,"href":"https:\/\/ralph-erich-hildebrandt.de\/index.php?rest_route=\/wp\/v2\/users\/1"}],"replies":[{"embeddable":true,"href":"https:\/\/ralph-erich-hildebrandt.de\/index.php?rest_route=%2Fwp%2Fv2%2Fcomments&post=52"}],"version-history":[{"count":0,"href":"https:\/\/ralph-erich-hildebrandt.de\/index.php?rest_route=\/wp\/v2\/posts\/52\/revisions"}],"wp:attachment":[{"href":"https:\/\/ralph-erich-hildebrandt.de\/index.php?rest_route=%2Fwp%2Fv2%2Fmedia&parent=52"}],"wp:term":[{"taxonomy":"category","embeddable":true,"href":"https:\/\/ralph-erich-hildebrandt.de\/index.php?rest_route=%2Fwp%2Fv2%2Fcategories&post=52"},{"taxonomy":"post_tag","embeddable":true,"href":"https:\/\/ralph-erich-hildebrandt.de\/index.php?rest_route=%2Fwp%2Fv2%2Ftags&post=52"}],"curies":[{"name":"wp","href":"https:\/\/api.w.org\/{rel}","templated":true}]}}