{"id":806,"date":"2021-03-30T21:12:41","date_gmt":"2021-03-30T20:12:41","guid":{"rendered":"https:\/\/ralph-erich-hildebrandt.de\/?p=806"},"modified":"2021-03-30T21:12:41","modified_gmt":"2021-03-30T20:12:41","slug":"meine-corona-osterbotschaft","status":"publish","type":"post","link":"https:\/\/ralph-erich-hildebrandt.de\/?p=806","title":{"rendered":"Meine Corona-Osterbotschaft"},"content":{"rendered":"<p><img decoding=\"async\" src=\"http:\/\/\" alt=\"null\" \/><a href=\"https:\/\/ralph-erich-hildebrandt.de\/wp-content\/uploads\/2021\/03\/corona.jpg\"><img loading=\"lazy\" decoding=\"async\" src=\"https:\/\/ralph-erich-hildebrandt.de\/wp-content\/uploads\/2021\/03\/corona.jpg\" alt=\"Corona-Bild\" width=\"640\" height=\"427\" class=\"aligncenter size-full wp-image-807\" srcset=\"https:\/\/ralph-erich-hildebrandt.de\/wp-content\/uploads\/2021\/03\/corona.jpg 640w, https:\/\/ralph-erich-hildebrandt.de\/wp-content\/uploads\/2021\/03\/corona-300x200.jpg 300w, https:\/\/ralph-erich-hildebrandt.de\/wp-content\/uploads\/2021\/03\/corona-150x100.jpg 150w, https:\/\/ralph-erich-hildebrandt.de\/wp-content\/uploads\/2021\/03\/corona-225x150.jpg 225w, https:\/\/ralph-erich-hildebrandt.de\/wp-content\/uploads\/2021\/03\/corona-450x300.jpg 450w\" sizes=\"auto, (max-width: 640px) 100vw, 640px\" \/><\/a><\/p>\n<p>Im Sommer 2020 bin ich noch oft auf den Platz vor unserem Haus gegangen (Brunnenplatz neben den Wurzelzwergen) und habe diskutiert und versucht zu \u00fcberzeugen.<br \/>\nAber ich bin kein Don Quichote. Sonst stosse ich mir jeden Tag bei den jungen Erwachsenen, die sicher mit 10 Personen aus 2&#215;2 Haushalten stammen, den Kopf an den Windm\u00fchlenfl\u00fcgeln.<br \/>\nHalt&#8230; die Abst\u00e4nde waren zwischen den 2&#215;2 Haushalten geringer als 2 Meter&#8230; Huch&#8230;<br \/>\nDer kommunale Ordnungsdienst k\u00f6nnte t\u00e4glich hier 2500 Euro f\u00fcr die Stadtkasse an Bu\u00dfgeldern verh\u00e4ngen. Aber ich rufe ihn nicht an, sondern ich trinke lieber ein geistiges Ger\u00e4nkt, um mich nicht \u00fcber solchen Unverstand aufzuregen, obwohl ich als Stadtratsmitglied eine Verantwortung f\u00fcr den Haushalt der Stadt habe&#8230;<br \/>\nNachweislich ist die britische Mutation sowohl ansteckender, als auch gef\u00e4hrlich als die Urversion. Und betrifft auch immer mehr junge Menschen.<br \/>\nWie ich aus vielen Meldungen von B\u00fcrger*innen wei\u00df, scheint dieser Unverstand an vielen Stellen im Stadtteil genauso zu sein.<br \/>\nWollen die Personen den vollen Lockdown? Wollen die Personen Ausgangssperren? Wollen die Personen weiterhin Einschr\u00e4nkungen f\u00fcr Handel, Gastronomie und Kultur?<br \/>\nWer so agiert, gef\u00e4hrdet nicht nur die Gesundheit anderer, sondern sorgt zunehmend f\u00fcr die Einschr\u00e4nkung der Grundrechte aller B\u00fcrger*innen, die im Wesentlichen seit einem Jahr gelten.<br \/>\nWenn wir alle mit Tests und zunehmenden Impfungen ab dem Sommer weitere Freiheiten genie\u00dfen wollen, sollte jeder &#8211; und nat\u00fcrlich ist mir klar, dass das gute Wetter und auch die Ferien, die Menschen heraustreibt &#8211; versuchen, sich dennoch an die Basics zu halten&#8230;<br \/>\nABSTAND (mindestens 2 Meter)<br \/>\nMASKE (am besten eine medizinische)<br \/>\nTESTEN (einmal die Woche gibt es in den verschiedenen Testzentren im Kreis einen kostenlosen Schnelltest &#8211; oder 5 Euro beim Feinkost inverstieren)<br \/>\nIMPFEN (sobald es m\u00f6glich ist &#8211; und auch ggf. mit Astra Zeneca &#8211; ich habe da selbst mit gezweifelt) &#8211; aber ich w\u00fcrde heute sofort dem Spruch von Herrn S\u00f6der folgen (und das ist kein Parteifreund von mir): &#8222;Wer will und wer es sich traut, der soll auch die M\u00f6glichkeit haben.&#8220;. Nat\u00fcrlich w\u00e4re mir ein mRNA Impfstoff lieber, aber ich werde mir sicher den Impfstoff aus unserem Stadtbezirk von Janssen Cilag und mittlerweile nach eine entsprechenden Zulassung sogar Sputnik V impfen lassen. Besser eine fast nebenwirkungsfreie Impfung mit einer Wirksamkeit von 80%, die aber vor Ansteckung sch\u00fctzt und mich davor bewahrt auf der Intensivstation zu landen bzw. zu sterben.<br \/>\nNach einer Entspannung Ende der letzten Woche ist auch der Rhein-Kreis Neuss heute wieder \u00fcber 100. Noch zwei Tage und es greifen grunds\u00e4tzlich die Aspekte der Notbremse. Der Rhein-Kreiss Neuss wird das sicher versuchen, weitestgehend einzuschr\u00e4nken.<br \/>\nAlso mein Osterappell an alle B\u00fcrger*innen: Sind Sie verantwortungsvoll, halten Sie die Regeln ein. Und lassen sich nicht durch das gute Wetter und ihren Drang auf Freiheit verleiten. Das Virus kennt keine Gnade.<\/p>\n<p>Bleiben Sie gesund.<\/p>\n<p>Ihr Stadtverordneter Ralph-Erich Hildebrandt<\/p>\n","protected":false},"excerpt":{"rendered":"<p>Im Sommer 2020 bin ich noch oft auf den Platz vor unserem Haus gegangen (Brunnenplatz neben den Wurzelzwergen) und habe diskutiert und versucht zu \u00fcberzeugen. Aber ich bin kein Don Quichote. Sonst stosse ich mir jeden Tag bei den jungen Erwachsenen, die sicher mit 10 Personen aus 2&#215;2 Haushalten stammen, den Kopf an den Windm\u00fchlenfl\u00fcgeln. [&hellip;]<\/p>\n","protected":false},"author":1,"featured_media":0,"comment_status":"closed","ping_status":"closed","sticky":false,"template":"","format":"standard","meta":{"_crdt_document":"","footnotes":""},"categories":[25,9,26,7,17,10],"tags":[],"class_list":["post-806","post","type-post","status-publish","format-standard","hentry","category-allerheiligen","category-bezirksausschuss-rosellen","category-elvekum","category-partei","category-stadtrat","category-unsere-ortschaften"],"_links":{"self":[{"href":"https:\/\/ralph-erich-hildebrandt.de\/index.php?rest_route=\/wp\/v2\/posts\/806","targetHints":{"allow":["GET"]}}],"collection":[{"href":"https:\/\/ralph-erich-hildebrandt.de\/index.php?rest_route=\/wp\/v2\/posts"}],"about":[{"href":"https:\/\/ralph-erich-hildebrandt.de\/index.php?rest_route=\/wp\/v2\/types\/post"}],"author":[{"embeddable":true,"href":"https:\/\/ralph-erich-hildebrandt.de\/index.php?rest_route=\/wp\/v2\/users\/1"}],"replies":[{"embeddable":true,"href":"https:\/\/ralph-erich-hildebrandt.de\/index.php?rest_route=%2Fwp%2Fv2%2Fcomments&post=806"}],"version-history":[{"count":1,"href":"https:\/\/ralph-erich-hildebrandt.de\/index.php?rest_route=\/wp\/v2\/posts\/806\/revisions"}],"predecessor-version":[{"id":808,"href":"https:\/\/ralph-erich-hildebrandt.de\/index.php?rest_route=\/wp\/v2\/posts\/806\/revisions\/808"}],"wp:attachment":[{"href":"https:\/\/ralph-erich-hildebrandt.de\/index.php?rest_route=%2Fwp%2Fv2%2Fmedia&parent=806"}],"wp:term":[{"taxonomy":"category","embeddable":true,"href":"https:\/\/ralph-erich-hildebrandt.de\/index.php?rest_route=%2Fwp%2Fv2%2Fcategories&post=806"},{"taxonomy":"post_tag","embeddable":true,"href":"https:\/\/ralph-erich-hildebrandt.de\/index.php?rest_route=%2Fwp%2Fv2%2Ftags&post=806"}],"curies":[{"name":"wp","href":"https:\/\/api.w.org\/{rel}","templated":true}]}}