{"id":876,"date":"2022-06-10T20:41:59","date_gmt":"2022-06-10T19:41:59","guid":{"rendered":"https:\/\/ralph-erich-hildebrandt.de\/?p=876"},"modified":"2022-06-10T20:41:59","modified_gmt":"2022-06-10T19:41:59","slug":"stadt-bestellt-ueber-10-000-tablets-fuer-neusser-schulen","status":"publish","type":"post","link":"https:\/\/ralph-erich-hildebrandt.de\/?p=876","title":{"rendered":"Stadt bestellt \u00fcber 10.000 Tablets f\u00fcr Neusser Schulen"},"content":{"rendered":"\n<p class=\"wp-block-paragraph\"><strong>Die Digitalisierung der Neusser Schulen macht weiter gro\u00dfe Fortschritte. Die Abfrage zu den Tablets an den Schulen ist abgeschlossen. Zudem sollen bis zum Ende der Sommerferien alle Klassenr\u00e4ume mit Flachbildschirmen ausgestattet sein.<\/strong><\/p>\n\n\n\n<figure class=\"wp-block-image size-full\"><a href=\"https:\/\/ralph-erich-hildebrandt.de\/wp-content\/uploads\/2022\/06\/2021-10-13_Schule_Cloud_web.jpg\"><img loading=\"lazy\" decoding=\"async\" width=\"1024\" height=\"576\" src=\"https:\/\/ralph-erich-hildebrandt.de\/wp-content\/uploads\/2022\/06\/2021-10-13_Schule_Cloud_web.jpg\" alt=\"Digitalisierung in Neuss\" class=\"wp-image-877\" srcset=\"https:\/\/ralph-erich-hildebrandt.de\/wp-content\/uploads\/2022\/06\/2021-10-13_Schule_Cloud_web.jpg 1024w, https:\/\/ralph-erich-hildebrandt.de\/wp-content\/uploads\/2022\/06\/2021-10-13_Schule_Cloud_web-300x169.jpg 300w, https:\/\/ralph-erich-hildebrandt.de\/wp-content\/uploads\/2022\/06\/2021-10-13_Schule_Cloud_web-768x432.jpg 768w, https:\/\/ralph-erich-hildebrandt.de\/wp-content\/uploads\/2022\/06\/2021-10-13_Schule_Cloud_web-150x84.jpg 150w, https:\/\/ralph-erich-hildebrandt.de\/wp-content\/uploads\/2022\/06\/2021-10-13_Schule_Cloud_web-267x150.jpg 267w, https:\/\/ralph-erich-hildebrandt.de\/wp-content\/uploads\/2022\/06\/2021-10-13_Schule_Cloud_web-533x300.jpg 533w\" sizes=\"auto, (max-width: 1024px) 100vw, 1024px\" \/><\/a><\/figure>\n\n\n\n<p class=\"wp-block-paragraph\">Ende November hat der Neusser Schulausschuss den wichtigsten Baustein f\u00fcr digitalen Unterricht in Neuss auf den Weg gebracht: <strong>Die Ausstattung aller Sch\u00fclerinnen und Sch\u00fclern mit einheitlichen Tablets<\/strong>. Damit setzen wir einen der Kernpunkte unseres Wahlprogramms um. \u201eWir investieren j\u00e4hrlich einen enormen Betrag in die Bildung unserer Kinder und Jugendlichen\u201c, sagt der Schulausschussvorsitzende Ralph-Erich Hildebrandt.\u00a0\u00a0<\/p>\n\n\n\n<h2 class=\"wp-block-heading\">Das Tablet-Konzept der Stadt Neuss<\/h2>\n\n\n\n<p class=\"wp-block-paragraph\">Damit die Tablets hinterher auch wirklich im Unterricht eingesetzt werden, durften die Schulen entscheiden, ob sie auf Anhieb eine <strong>vollst\u00e4ndige oder zun\u00e4chst nur eine stufen- oder klassenweise Ausstattung<\/strong> w\u00fcnschen. Die entsprechende Abfrage ist erfolgt. <strong>Weitere 10.600 iPads wurden bestellt<\/strong>. Das hat die Stadt diese Woche im <a rel=\"noreferrer noopener\" href=\"https:\/\/spd-neuss.de\/wp-content\/uploads\/2022\/06\/40_187_2022_Mitteilung_der_Verwaltung.pdf\" target=\"_blank\">Schulausschuss mitgeteilt<\/a>. Eine konkrete Lieferzeit hat das Rathaus noch nicht mitgeteilt. Auch die Vorbereitung und Einbindung der Tablets wird Zeit in Anspruch nehmen. \u201e<strong>Die Schulen werden daher in den kommenden Monaten sukzessive ausgestattet<\/strong>\u201c, sagt Ralph-Erich Hildebrandt\u00a0<\/p>\n\n\n\n<h2 class=\"wp-block-heading\">Flachbildschirme f\u00fcr jeden Klassenraum<\/h2>\n\n\n\n<p class=\"wp-block-paragraph\">Die Vorarbeit f\u00fcr die Ausstattung der Sch\u00fclerinnen und Sch\u00fcler mit Tablets ist erfolgt. <strong>Bis zum Ende der Sommerferien werden alle Klassenr\u00e4ume mit Flachbildschirmen ausger\u00fcstet<\/strong>. An f\u00fcnf Testschulen sind bereits \u00fcber 50 Monitore montiert. Die Mittel daf\u00fcr kommen aus dem <a rel=\"noreferrer noopener\" href=\"https:\/\/www.schulministerium.nrw\/digitalpakt\" target=\"_blank\">Digital-Pakt Schule<\/a>. <strong>Und weil die Stadt die Flachbildschirme in der Ausschreibung \u00fcber eine Million Euro g\u00fcnstiger bekommen hat als geplant, steht nun auch noch genug Geld bereit, um die Netzwerkinfrastruktur an den Neusser Schulen zu verbessern<\/strong>.\u00a0<\/p>\n\n\n\n<h2 class=\"wp-block-heading\">Schulcloud befindet sich in der Pilotphase\u00a0<\/h2>\n\n\n\n<p class=\"wp-block-paragraph\">Einen weiteren Baustein f\u00fcr guten digitalen Unterricht in Neuss soll die Schulcloud leisten. <strong>Die Programmierung ist soweit abgeschlossen<\/strong>. In den kommenden Wochen wird die Schulcloud an zwei Schulen getestet. <strong>Ziel ist es, die Cloud ab dem kommenden Schuljahr allen Neusser Schulen zur Verf\u00fcgung zu stellen<\/strong>. \u201eDamit liegt die Verwaltung im Zeitplan, den sie im Oktober 2021 vorgelegt hat\u201c, sagt Ralph-Erich Hildebrandt.\u00a0<\/p>\n\n\n\n<figure class=\"wp-block-image size-large\"><img decoding=\"async\" src=\"https:\/\/i0.wp.com\/spd-neuss.de\/wp-content\/uploads\/2021\/10\/Grafik_Konzept_Schule_Cloud.png\" alt=\"\"\/><\/figure>\n\n\n\n<p class=\"wp-block-paragraph\"><strong>Die Idee hinter der Schulcloud ist einfach<\/strong>. Alle Sch\u00fclerinnen und Sch\u00fcler erhalten eine Zugangskennung, die f\u00fcr die gesamte Schullaufbahn g\u00fcltig ist. <strong>Einmal eingeloggt gibt es auf der Plattform nicht nur eine Cloud mit deutlich mehr Speicherplatz als in Logineo LMS, sondern auch den direkten Weg zu vielen wichtigen Anwendungen f\u00fcr den Schulalltag<\/strong>. So geht es beispielsweise \u00fcber eine Schnittstelle weiter zu Moodle, Big Blue Button (Videokonferenzen) und Logineo LMS. Dort ist dann kein weiterer Login notwendig.\u00a0<\/p>\n","protected":false},"excerpt":{"rendered":"<p>Die Digitalisierung der Neusser Schulen macht weiter gro\u00dfe Fortschritte. Die Abfrage zu den Tablets an den Schulen ist abgeschlossen. Zudem sollen bis zum Ende der Sommerferien alle Klassenr\u00e4ume mit Flachbildschirmen ausgestattet sein. Ende November hat der Neusser Schulausschuss den wichtigsten Baustein f\u00fcr digitalen Unterricht in Neuss auf den Weg gebracht: Die Ausstattung aller Sch\u00fclerinnen und [&hellip;]<\/p>\n","protected":false},"author":1,"featured_media":0,"comment_status":"closed","ping_status":"closed","sticky":false,"template":"","format":"standard","meta":{"_crdt_document":"","footnotes":""},"categories":[5,11],"tags":[],"class_list":["post-876","post","type-post","status-publish","format-standard","hentry","category-bildung","category-schulausschuss"],"_links":{"self":[{"href":"https:\/\/ralph-erich-hildebrandt.de\/index.php?rest_route=\/wp\/v2\/posts\/876","targetHints":{"allow":["GET"]}}],"collection":[{"href":"https:\/\/ralph-erich-hildebrandt.de\/index.php?rest_route=\/wp\/v2\/posts"}],"about":[{"href":"https:\/\/ralph-erich-hildebrandt.de\/index.php?rest_route=\/wp\/v2\/types\/post"}],"author":[{"embeddable":true,"href":"https:\/\/ralph-erich-hildebrandt.de\/index.php?rest_route=\/wp\/v2\/users\/1"}],"replies":[{"embeddable":true,"href":"https:\/\/ralph-erich-hildebrandt.de\/index.php?rest_route=%2Fwp%2Fv2%2Fcomments&post=876"}],"version-history":[{"count":1,"href":"https:\/\/ralph-erich-hildebrandt.de\/index.php?rest_route=\/wp\/v2\/posts\/876\/revisions"}],"predecessor-version":[{"id":878,"href":"https:\/\/ralph-erich-hildebrandt.de\/index.php?rest_route=\/wp\/v2\/posts\/876\/revisions\/878"}],"wp:attachment":[{"href":"https:\/\/ralph-erich-hildebrandt.de\/index.php?rest_route=%2Fwp%2Fv2%2Fmedia&parent=876"}],"wp:term":[{"taxonomy":"category","embeddable":true,"href":"https:\/\/ralph-erich-hildebrandt.de\/index.php?rest_route=%2Fwp%2Fv2%2Fcategories&post=876"},{"taxonomy":"post_tag","embeddable":true,"href":"https:\/\/ralph-erich-hildebrandt.de\/index.php?rest_route=%2Fwp%2Fv2%2Ftags&post=876"}],"curies":[{"name":"wp","href":"https:\/\/api.w.org\/{rel}","templated":true}]}}