{"id":901,"date":"2023-02-24T23:15:48","date_gmt":"2023-02-24T22:15:48","guid":{"rendered":"https:\/\/ralph-erich-hildebrandt.de\/?p=901"},"modified":"2023-02-24T23:15:48","modified_gmt":"2023-02-24T22:15:48","slug":"wiederwahl-im-stadtverbandsvorstand","status":"publish","type":"post","link":"https:\/\/ralph-erich-hildebrandt.de\/?p=901","title":{"rendered":"Wiederwahl im Stadtverbandsvorstand"},"content":{"rendered":"\n<p class=\"wp-block-paragraph\">Beim Stadtparteitag gab es die Neuwahlen.<\/p>\n\n\n\n<p class=\"wp-block-paragraph\">Mit \u00fcber 95% der Stimmen wurde ich in meinem Amt als Schriftf\u00fchrer best\u00e4tigt.<\/p>\n\n\n\n<figure class=\"wp-block-embed is-type-wp-embed is-provider-spd-neuss wp-block-embed-spd-neuss\"><div class=\"wp-block-embed__wrapper\">\n<blockquote class=\"wp-embedded-content\" data-secret=\"JCGUy9ZZWO\"><a href=\"https:\/\/spd-neuss.de\/2023\/02\/24\/aufbruchsstimmung-fuer-kommunalwahl-spd-neuss-waehlt-neuen-vorstand\/\">Aufbruchsstimmung f\u00fcr Kommunalwahl: SPD Neuss w\u00e4hlt neuen Vorstand<\/a><\/blockquote><iframe loading=\"lazy\" class=\"wp-embedded-content\" sandbox=\"allow-scripts\" security=\"restricted\" style=\"position: absolute; visibility: hidden;\" title=\"&#8222;Aufbruchsstimmung f\u00fcr Kommunalwahl: SPD Neuss w\u00e4hlt neuen Vorstand&#8220; &#8211; SPD Neuss\" src=\"https:\/\/spd-neuss.de\/2023\/02\/24\/aufbruchsstimmung-fuer-kommunalwahl-spd-neuss-waehlt-neuen-vorstand\/embed\/#?secret=QRGJkDlbV8#?secret=JCGUy9ZZWO\" data-secret=\"JCGUy9ZZWO\" width=\"500\" height=\"282\" frameborder=\"0\" marginwidth=\"0\" marginheight=\"0\" scrolling=\"no\"><\/iframe>\n<\/div><\/figure>\n\n\n\n<p class=\"wp-block-paragraph\">Jetzt gilt es f\u00fcr die Kommunalwahl 2025 alle Weichen mit dem neuen Vorstand zu stellen, dass die SPD Neuss weiterhin zusammen mit dem B\u00fcrgermeister Reiner Breuer die gestaltende Kraft in der Stadt bleibt.<\/p>\n\n\n\n<p class=\"wp-block-paragraph\"><\/p>\n","protected":false},"excerpt":{"rendered":"<p>Beim Stadtparteitag gab es die Neuwahlen. Mit \u00fcber 95% der Stimmen wurde ich in meinem Amt als Schriftf\u00fchrer best\u00e4tigt. Jetzt gilt es f\u00fcr die Kommunalwahl 2025 alle Weichen mit dem neuen Vorstand zu stellen, dass die SPD Neuss weiterhin zusammen mit dem B\u00fcrgermeister Reiner Breuer die gestaltende Kraft in der Stadt bleibt.<\/p>\n","protected":false},"author":1,"featured_media":0,"comment_status":"closed","ping_status":"closed","sticky":false,"template":"","format":"standard","meta":{"_crdt_document":"","footnotes":""},"categories":[7,28],"tags":[],"class_list":["post-901","post","type-post","status-publish","format-standard","hentry","category-partei","category-stadtverbandsvorstand"],"_links":{"self":[{"href":"https:\/\/ralph-erich-hildebrandt.de\/index.php?rest_route=\/wp\/v2\/posts\/901","targetHints":{"allow":["GET"]}}],"collection":[{"href":"https:\/\/ralph-erich-hildebrandt.de\/index.php?rest_route=\/wp\/v2\/posts"}],"about":[{"href":"https:\/\/ralph-erich-hildebrandt.de\/index.php?rest_route=\/wp\/v2\/types\/post"}],"author":[{"embeddable":true,"href":"https:\/\/ralph-erich-hildebrandt.de\/index.php?rest_route=\/wp\/v2\/users\/1"}],"replies":[{"embeddable":true,"href":"https:\/\/ralph-erich-hildebrandt.de\/index.php?rest_route=%2Fwp%2Fv2%2Fcomments&post=901"}],"version-history":[{"count":1,"href":"https:\/\/ralph-erich-hildebrandt.de\/index.php?rest_route=\/wp\/v2\/posts\/901\/revisions"}],"predecessor-version":[{"id":902,"href":"https:\/\/ralph-erich-hildebrandt.de\/index.php?rest_route=\/wp\/v2\/posts\/901\/revisions\/902"}],"wp:attachment":[{"href":"https:\/\/ralph-erich-hildebrandt.de\/index.php?rest_route=%2Fwp%2Fv2%2Fmedia&parent=901"}],"wp:term":[{"taxonomy":"category","embeddable":true,"href":"https:\/\/ralph-erich-hildebrandt.de\/index.php?rest_route=%2Fwp%2Fv2%2Fcategories&post=901"},{"taxonomy":"post_tag","embeddable":true,"href":"https:\/\/ralph-erich-hildebrandt.de\/index.php?rest_route=%2Fwp%2Fv2%2Ftags&post=901"}],"curies":[{"name":"wp","href":"https:\/\/api.w.org\/{rel}","templated":true}]}}