{"id":962,"date":"2024-12-24T00:16:09","date_gmt":"2024-12-23T23:16:09","guid":{"rendered":"https:\/\/ralph-erich-hildebrandt.de\/?p=962"},"modified":"2024-12-24T00:16:09","modified_gmt":"2024-12-23T23:16:09","slug":"weihnachten-2024","status":"publish","type":"post","link":"https:\/\/ralph-erich-hildebrandt.de\/?p=962","title":{"rendered":"Weihnachten 2024"},"content":{"rendered":"\n<figure class=\"wp-block-image size-full\"><a href=\"https:\/\/ralph-erich-hildebrandt.de\/wp-content\/uploads\/2024\/12\/weihnachtsbaum2024.jpg\"><img loading=\"lazy\" decoding=\"async\" width=\"768\" height=\"1024\" src=\"https:\/\/ralph-erich-hildebrandt.de\/wp-content\/uploads\/2024\/12\/weihnachtsbaum2024.jpg\" alt=\"Weihnachtsbaum 2024\" class=\"wp-image-963\" srcset=\"https:\/\/ralph-erich-hildebrandt.de\/wp-content\/uploads\/2024\/12\/weihnachtsbaum2024.jpg 768w, https:\/\/ralph-erich-hildebrandt.de\/wp-content\/uploads\/2024\/12\/weihnachtsbaum2024-225x300.jpg 225w, https:\/\/ralph-erich-hildebrandt.de\/wp-content\/uploads\/2024\/12\/weihnachtsbaum2024-150x200.jpg 150w, https:\/\/ralph-erich-hildebrandt.de\/wp-content\/uploads\/2024\/12\/weihnachtsbaum2024-300x400.jpg 300w, https:\/\/ralph-erich-hildebrandt.de\/wp-content\/uploads\/2024\/12\/weihnachtsbaum2024-113x150.jpg 113w\" sizes=\"auto, (max-width: 768px) 100vw, 768px\" \/><\/a><\/figure>\n\n\n\n<p class=\"wp-block-paragraph\">Liebe B\u00fcrgerinnen und B\u00fcrger,<\/p>\n\n\n\n<p class=\"wp-block-paragraph\">das Jahr 2024 war ein schwieriges Jahr f\u00fcr mich pers\u00f6nlich und auch f\u00fcr mich als Politiker der SPD.<br>Pers\u00f6nlich wurde bei mir eine schwere Erkrankung gl\u00fccklicherweise fr\u00fchzeitig entdeckt, so dass ich erfolgreich behandelt werden konnte. Dennoch hat mich das in Demut auch f\u00fcr meine Politik gemacht. Ohne die Heilung w\u00e4re mein weiteres politisches Engagement f\u00fcr Sie hier in Allerheiligen und Elvekum sicher nicht mehr so m\u00f6glich gewesen.<\/p>\n\n\n\n<p class=\"wp-block-paragraph\">Nat\u00fcrlich war durch den Dauerstreit der Bundesregierung und dann dem Bruch der Koalition durch die gezielte Sabotage der FDP auch f\u00fcr mich Vieles als Kommunalpolitiker problematisch. <br>Dennoch hat die SPD in der Regierung vielf\u00e4ltige Erfolge verzeichnet, die leider in der \u00f6ffentlichen Darstellung zu wenig ber\u00fccksichtigt wurden.<\/p>\n\n\n\n<p class=\"wp-block-paragraph\">Das so gehypte Modell von Schwarz-Gr\u00fcn in NRW sehe ich nachwievor sehr kritisch. Gerade in meinem ureigenen Feld der Schulpolitik sehe ich nur Mi\u00dferfolge.<\/p>\n\n\n\n<p class=\"wp-block-paragraph\">Im Stadtrat haben wir trotz der nicht mehr vorhandenen Mehrheit als SPD viele Projekte durchsetzen k\u00f6nnen. Neuss ist eine wirtschaftlich starke Stadt mit boomenden Unternehmen und stark steigen Arbeitspl\u00e4tzen.<\/p>\n\n\n\n<p class=\"wp-block-paragraph\">In meiner Fraktion war ich immer ein Bef\u00fcrworter der unterschiedlichen Hebes\u00e4tze f\u00fcr die angepasste Grundsteuer. Denn die nun beschlossenen S\u00e4tze belasten uns alle &#8211; auch mich. Aber aus Gr\u00fcnden der Rechtssicherheit war keine andere Beschlusslage m\u00f6glich. Wir werden das aber im Laufe des Jahres 2025 \u00fcberpr\u00fcfen und ggf. anpassen.<\/p>\n\n\n\n<p class=\"wp-block-paragraph\">Ich freue mich, dass wir f\u00fcr die Bundestagswahl unseren Bundestagsabgeordneten Daniel Rinkert in unserem Wahlkreis wieder nommieren konnten und er wieder im neuen Bundestag vertreten sein wird, damit wir weiterhin eine starke Stimme auch f\u00fcr Neuss in Berlin haben werden.<\/p>\n\n\n\n<p class=\"wp-block-paragraph\">Der SPD Vorstand hat dar\u00fcber hinaus unseren B\u00fcrgermeister Reiner Breuer f\u00fcr eine dritte Amtszeit einstimmig nommiert. Am Aschermittwoch wird er sicher mit einem deutlichen Votum aufgestellt werden.<\/p>\n\n\n\n<p class=\"wp-block-paragraph\">Lange habe ich \u00fcberlegt, ob ich nach elf Jahren im Rat der Stadt Neuss erneut in meinem Wahlkreis als Ihr Stadtverordneter antreten soll, denn ich m\u00f6chte keinen Trump oder Merz vom Alter bei einer Wahl nachmachen. Dennoch macht mir die Arbeit f\u00fcr Sie hier im Ort Freude und so werde ich auch im Herbst 2025 erneut f\u00fcr eine weitere Ratsperiode f\u00fcr Sie in Allerheiligen und Elvekum antreten.<\/p>\n\n\n\n<p class=\"wp-block-paragraph\">Nun w\u00fcnsche ich Ihnen hier ein geruhsames und friedvolles Weihnachtsfest und ein gutes und vor allem gesundes Jahr 2025. <\/p>\n\n\n\n<p class=\"wp-block-paragraph\">Ihr Stadtverordneter f\u00fcr Allerheiligen und Elvekum und Co-Vorsitzender der SPD Rosellen<br>Ralph-Erich Hildebrandt<\/p>\n","protected":false},"excerpt":{"rendered":"<p>Liebe B\u00fcrgerinnen und B\u00fcrger, das Jahr 2024 war ein schwieriges Jahr f\u00fcr mich pers\u00f6nlich und auch f\u00fcr mich als Politiker der SPD.Pers\u00f6nlich wurde bei mir eine schwere Erkrankung gl\u00fccklicherweise fr\u00fchzeitig entdeckt, so dass ich erfolgreich behandelt werden konnte. Dennoch hat mich das in Demut auch f\u00fcr meine Politik gemacht. Ohne die Heilung w\u00e4re mein weiteres [&hellip;]<\/p>\n","protected":false},"author":1,"featured_media":0,"comment_status":"closed","ping_status":"closed","sticky":false,"template":"","format":"standard","meta":{"_crdt_document":"","footnotes":""},"categories":[25,27,26,31,30,17,10],"tags":[],"class_list":["post-962","post","type-post","status-publish","format-standard","hentry","category-allerheiligen","category-bundestagswahl","category-elvekum","category-kommunalwahl-2025","category-ortsverein","category-stadtrat","category-unsere-ortschaften"],"_links":{"self":[{"href":"https:\/\/ralph-erich-hildebrandt.de\/index.php?rest_route=\/wp\/v2\/posts\/962","targetHints":{"allow":["GET"]}}],"collection":[{"href":"https:\/\/ralph-erich-hildebrandt.de\/index.php?rest_route=\/wp\/v2\/posts"}],"about":[{"href":"https:\/\/ralph-erich-hildebrandt.de\/index.php?rest_route=\/wp\/v2\/types\/post"}],"author":[{"embeddable":true,"href":"https:\/\/ralph-erich-hildebrandt.de\/index.php?rest_route=\/wp\/v2\/users\/1"}],"replies":[{"embeddable":true,"href":"https:\/\/ralph-erich-hildebrandt.de\/index.php?rest_route=%2Fwp%2Fv2%2Fcomments&post=962"}],"version-history":[{"count":1,"href":"https:\/\/ralph-erich-hildebrandt.de\/index.php?rest_route=\/wp\/v2\/posts\/962\/revisions"}],"predecessor-version":[{"id":964,"href":"https:\/\/ralph-erich-hildebrandt.de\/index.php?rest_route=\/wp\/v2\/posts\/962\/revisions\/964"}],"wp:attachment":[{"href":"https:\/\/ralph-erich-hildebrandt.de\/index.php?rest_route=%2Fwp%2Fv2%2Fmedia&parent=962"}],"wp:term":[{"taxonomy":"category","embeddable":true,"href":"https:\/\/ralph-erich-hildebrandt.de\/index.php?rest_route=%2Fwp%2Fv2%2Fcategories&post=962"},{"taxonomy":"post_tag","embeddable":true,"href":"https:\/\/ralph-erich-hildebrandt.de\/index.php?rest_route=%2Fwp%2Fv2%2Ftags&post=962"}],"curies":[{"name":"wp","href":"https:\/\/api.w.org\/{rel}","templated":true}]}}